{"id":15,"date":"2016-11-12T19:27:25","date_gmt":"2016-11-12T18:27:25","guid":{"rendered":"http:\/\/apeljp278.xyz\/?p=15"},"modified":"2017-11-30T15:50:58","modified_gmt":"2017-11-30T14:50:58","slug":"diner-de-rentree-de-lapel","status":"publish","type":"post","link":"http:\/\/apeljp278.xyz\/index.php\/2016\/11\/12\/diner-de-rentree-de-lapel\/","title":{"rendered":"Diner de rentr\u00e9e de l&rsquo;APEL"},"content":{"rendered":"<p><strong><img decoding=\"async\" loading=\"lazy\" class=\"alignnone size-medium wp-image-67\" src=\"http:\/\/apeljp278.xyz\/wp-content\/uploads\/2016\/11\/012-300x200.jpg\" alt=\"012\" width=\"300\" height=\"200\" srcset=\"http:\/\/apeljp278.xyz\/wp-content\/uploads\/2016\/11\/012-300x200.jpg 300w, http:\/\/apeljp278.xyz\/wp-content\/uploads\/2016\/11\/012-768x511.jpg 768w, http:\/\/apeljp278.xyz\/wp-content\/uploads\/2016\/11\/012.jpg 892w\" sizes=\"(max-width: 300px) 85vw, 300px\" \/> <img decoding=\"async\" loading=\"lazy\" class=\"alignnone size-medium wp-image-68\" src=\"http:\/\/apeljp278.xyz\/wp-content\/uploads\/2016\/11\/007-300x249.jpg\" alt=\"007\" width=\"300\" height=\"249\" srcset=\"http:\/\/apeljp278.xyz\/wp-content\/uploads\/2016\/11\/007-300x249.jpg 300w, http:\/\/apeljp278.xyz\/wp-content\/uploads\/2016\/11\/007-768x636.jpg 768w, http:\/\/apeljp278.xyz\/wp-content\/uploads\/2016\/11\/007.jpg 770w\" sizes=\"(max-width: 300px) 85vw, 300px\" \/>\u00a0 <img decoding=\"async\" loading=\"lazy\" class=\"alignnone size-medium wp-image-70\" src=\"http:\/\/apeljp278.xyz\/wp-content\/uploads\/2016\/11\/017-300x200.jpg\" alt=\"017\" width=\"300\" height=\"200\" srcset=\"http:\/\/apeljp278.xyz\/wp-content\/uploads\/2016\/11\/017-300x200.jpg 300w, http:\/\/apeljp278.xyz\/wp-content\/uploads\/2016\/11\/017-768x511.jpg 768w, http:\/\/apeljp278.xyz\/wp-content\/uploads\/2016\/11\/017.jpg 892w\" sizes=\"(max-width: 300px) 85vw, 300px\" \/> <img decoding=\"async\" loading=\"lazy\" class=\"alignnone size-medium wp-image-71\" src=\"http:\/\/apeljp278.xyz\/wp-content\/uploads\/2016\/11\/018-300x200.jpg\" alt=\"018\" width=\"300\" height=\"200\" srcset=\"http:\/\/apeljp278.xyz\/wp-content\/uploads\/2016\/11\/018-300x200.jpg 300w, http:\/\/apeljp278.xyz\/wp-content\/uploads\/2016\/11\/018-768x512.jpg 768w, http:\/\/apeljp278.xyz\/wp-content\/uploads\/2016\/11\/018.jpg 921w\" sizes=\"(max-width: 300px) 85vw, 300px\" \/> <img decoding=\"async\" loading=\"lazy\" class=\"alignnone size-medium wp-image-72\" src=\"http:\/\/apeljp278.xyz\/wp-content\/uploads\/2016\/11\/019-300x200.jpg\" alt=\"019\" width=\"300\" height=\"200\" srcset=\"http:\/\/apeljp278.xyz\/wp-content\/uploads\/2016\/11\/019-300x200.jpg 300w, http:\/\/apeljp278.xyz\/wp-content\/uploads\/2016\/11\/019-768x511.jpg 768w, http:\/\/apeljp278.xyz\/wp-content\/uploads\/2016\/11\/019.jpg 892w\" sizes=\"(max-width: 300px) 85vw, 300px\" \/>\u00a0 <img decoding=\"async\" loading=\"lazy\" class=\"alignnone size-medium wp-image-74\" src=\"http:\/\/apeljp278.xyz\/wp-content\/uploads\/2016\/11\/028-200x300.jpg\" alt=\"028\" width=\"200\" height=\"300\" srcset=\"http:\/\/apeljp278.xyz\/wp-content\/uploads\/2016\/11\/028-200x300.jpg 200w, http:\/\/apeljp278.xyz\/wp-content\/uploads\/2016\/11\/028.jpg 226w\" sizes=\"(max-width: 200px) 85vw, 200px\" \/>\u00a0\u00a0\u00a0\u00a0\u00a0 <img decoding=\"async\" loading=\"lazy\" class=\"alignnone size-medium wp-image-80\" src=\"http:\/\/apeljp278.xyz\/wp-content\/uploads\/2016\/11\/042-300x238.jpg\" alt=\"042\" width=\"300\" height=\"238\" srcset=\"http:\/\/apeljp278.xyz\/wp-content\/uploads\/2016\/11\/042-300x238.jpg 300w, http:\/\/apeljp278.xyz\/wp-content\/uploads\/2016\/11\/042.jpg 750w\" sizes=\"(max-width: 300px) 85vw, 300px\" \/> <img decoding=\"async\" loading=\"lazy\" class=\"alignnone size-medium wp-image-81\" src=\"http:\/\/apeljp278.xyz\/wp-content\/uploads\/2016\/11\/043-300x200.jpg\" alt=\"043\" width=\"300\" height=\"200\" srcset=\"http:\/\/apeljp278.xyz\/wp-content\/uploads\/2016\/11\/043-300x200.jpg 300w, http:\/\/apeljp278.xyz\/wp-content\/uploads\/2016\/11\/043-768x511.jpg 768w, http:\/\/apeljp278.xyz\/wp-content\/uploads\/2016\/11\/043.jpg 892w\" sizes=\"(max-width: 300px) 85vw, 300px\" \/>\u00a0\u00a0 <img decoding=\"async\" loading=\"lazy\" class=\"alignnone size-medium wp-image-84\" src=\"http:\/\/apeljp278.xyz\/wp-content\/uploads\/2016\/11\/080-200x300.jpg\" alt=\"080\" width=\"200\" height=\"300\" srcset=\"http:\/\/apeljp278.xyz\/wp-content\/uploads\/2016\/11\/080-200x300.jpg 200w, http:\/\/apeljp278.xyz\/wp-content\/uploads\/2016\/11\/080.jpg 396w\" sizes=\"(max-width: 200px) 85vw, 200px\" \/>\u00a0 <img decoding=\"async\" loading=\"lazy\" class=\"alignnone size-medium wp-image-86\" src=\"http:\/\/apeljp278.xyz\/wp-content\/uploads\/2016\/11\/084-300x200.jpg\" alt=\"084\" width=\"300\" height=\"200\" srcset=\"http:\/\/apeljp278.xyz\/wp-content\/uploads\/2016\/11\/084-300x200.jpg 300w, http:\/\/apeljp278.xyz\/wp-content\/uploads\/2016\/11\/084-768x511.jpg 768w, http:\/\/apeljp278.xyz\/wp-content\/uploads\/2016\/11\/084.jpg 892w\" sizes=\"(max-width: 300px) 85vw, 300px\" \/> <img decoding=\"async\" loading=\"lazy\" class=\"alignnone size-medium wp-image-87\" src=\"http:\/\/apeljp278.xyz\/wp-content\/uploads\/2016\/11\/095-300x200.jpg\" alt=\"095\" width=\"300\" height=\"200\" srcset=\"http:\/\/apeljp278.xyz\/wp-content\/uploads\/2016\/11\/095-300x200.jpg 300w, http:\/\/apeljp278.xyz\/wp-content\/uploads\/2016\/11\/095.jpg 501w\" sizes=\"(max-width: 300px) 85vw, 300px\" \/>\u00a0<\/strong><\/p>\n<p><strong>C&rsquo;est la rentr\u00e9e<\/strong>.<\/p>\n<p>Le vendredi 30 septembre \u00e0 19 heures 30, le traditionnel diner de l&rsquo;APEL s&rsquo;est d\u00e9roul\u00e9 au lyc\u00e9e Jean-Paul 2 . En ce d\u00e9but d&rsquo;ann\u00e9e scolaire, ce rendez vous est\u00a0 l&rsquo;occasion de faire connaissance avec d&rsquo;autres parents, dans une ambiance d\u00e9tendue et anim\u00e9e.<\/p>\n<p>Cette ann\u00e9e le th\u00e8me\u00a0 <strong>\u00ab\u00a0Les parents passent le bac sous le soleil\u00a0\u00bb <\/strong>\u00e9tait accompagn\u00e9 d&rsquo;un repas antillais.Tous les parents ont \u00e9t\u00e9 re\u00e7us au baccalaur\u00e9at, avec\u00a0 mention pour certaines tables !<\/p>\n<p><a href=\"http:\/\/apeljp278.xyz\/wp-content\/uploads\/2016\/11\/20161112-Flyer.pdf\" target=\"_blank\" rel=\"noopener\">Flyer<\/a><\/p>\n","protected":false},"excerpt":{"rendered":"<p>\u00a0 \u00a0 \u00a0\u00a0\u00a0\u00a0\u00a0 \u00a0\u00a0 \u00a0 \u00a0 C&rsquo;est la rentr\u00e9e. Le vendredi 30 septembre \u00e0 19 heures 30, le traditionnel diner de l&rsquo;APEL s&rsquo;est d\u00e9roul\u00e9 au lyc\u00e9e Jean-Paul 2 . En ce d\u00e9but d&rsquo;ann\u00e9e scolaire, ce rendez vous est\u00a0 l&rsquo;occasion de faire connaissance avec d&rsquo;autres parents, dans une ambiance d\u00e9tendue et anim\u00e9e. Cette ann\u00e9e le th\u00e8me\u00a0 &hellip; <a href=\"http:\/\/apeljp278.xyz\/index.php\/2016\/11\/12\/diner-de-rentree-de-lapel\/\" class=\"more-link\">Continuer la lecture<span class=\"screen-reader-text\"> de &laquo;&nbsp;Diner de rentr\u00e9e de l&rsquo;APEL&nbsp;&raquo;<\/span><\/a><\/p>\n","protected":false},"author":1,"featured_media":0,"comment_status":"open","ping_status":"open","sticky":false,"template":"","format":"standard","meta":[],"categories":[1],"tags":[],"_links":{"self":[{"href":"http:\/\/apeljp278.xyz\/index.php\/wp-json\/wp\/v2\/posts\/15"}],"collection":[{"href":"http:\/\/apeljp278.xyz\/index.php\/wp-json\/wp\/v2\/posts"}],"about":[{"href":"http:\/\/apeljp278.xyz\/index.php\/wp-json\/wp\/v2\/types\/post"}],"author":[{"embeddable":true,"href":"http:\/\/apeljp278.xyz\/index.php\/wp-json\/wp\/v2\/users\/1"}],"replies":[{"embeddable":true,"href":"http:\/\/apeljp278.xyz\/index.php\/wp-json\/wp\/v2\/comments?post=15"}],"version-history":[{"count":14,"href":"http:\/\/apeljp278.xyz\/index.php\/wp-json\/wp\/v2\/posts\/15\/revisions"}],"predecessor-version":[{"id":367,"href":"http:\/\/apeljp278.xyz\/index.php\/wp-json\/wp\/v2\/posts\/15\/revisions\/367"}],"wp:attachment":[{"href":"http:\/\/apeljp278.xyz\/index.php\/wp-json\/wp\/v2\/media?parent=15"}],"wp:term":[{"taxonomy":"category","embeddable":true,"href":"http:\/\/apeljp278.xyz\/index.php\/wp-json\/wp\/v2\/categories?post=15"},{"taxonomy":"post_tag","embeddable":true,"href":"http:\/\/apeljp278.xyz\/index.php\/wp-json\/wp\/v2\/tags?post=15"}],"curies":[{"name":"wp","href":"https:\/\/api.w.org\/{rel}","templated":true}]}}