{"id":178,"date":"2016-12-10T16:24:31","date_gmt":"2016-12-10T15:24:31","guid":{"rendered":"http:\/\/apeljp278.xyz\/?p=178"},"modified":"2018-01-10T00:34:05","modified_gmt":"2018-01-09T23:34:05","slug":"epiphanie","status":"publish","type":"post","link":"http:\/\/apeljp278.xyz\/index.php\/2016\/12\/10\/epiphanie\/","title":{"rendered":"Messe de la Communaut\u00e9 du Lyc\u00e9e Jean-Paul II"},"content":{"rendered":"<p><em><span style=\"color: #008000;\"><strong>Chers Parents,<\/strong><\/span><\/em><\/p>\n<p style=\"text-align: left;\"><em><span style=\"color: #008000;\"><strong>Les membres du Lyc\u00e9e Jean-Paul II vous invitent \u00e0 les rejoindre pour la c\u00e9l\u00e9bration de la messe de la communaut\u00e9 qui aura lieu \u00e0 l&rsquo;\u00e9glise St Martin, \u00e0 quelques pas du lyc\u00e9e, le<\/strong><\/span><\/em><\/p>\n<p style=\"text-align: center;\"><em><span style=\"color: #008000;\"><strong>vendredi 12 janvier \u00e0 17 h 30<\/strong><\/span><\/em><\/p>\n<p style=\"text-align: center;\"><em><span style=\"color: #008000;\"><strong>Messe c\u00e9l\u00e9br\u00e9e par le p\u00e8re Ga\u00ebl B\u00e9n\u00e9at et anim\u00e9e par des lyc\u00e9ens.<\/strong><\/span><\/em><\/p>\n<p><em><span style=\"color: #008000;\"><strong>Elle sera suivie d&rsquo;un moment convivial sur le parvis de l&rsquo;\u00e9glise o\u00f9, comme chaque ann\u00e9e, nous aurons le plaisir de partager avec vous et les jeunes, galettes, vin et chocolat chauds.<\/strong><\/span><\/em><\/p>\n<p><em><span style=\"color: #008000;\"><strong>Si vous n&rsquo;avez pas pu assister \u00e0 la c\u00e9l\u00e9bration, vous pourrez, bien s\u00fbr,\u00a0 nous rejoindre et profiter de ce tr\u00e8s agr\u00e9able moment.<\/strong><\/span><\/em><\/p>\n<p><em><span style=\"color: #008000;\"><strong>A bient\u00f4t&#8230;<\/strong><\/span><\/em><\/p>\n<p>&nbsp;<\/p>\n<p><span style=\"font-size: large;\">\u00a0<\/span><\/p>\n<p>&nbsp;<\/p>\n<p>&nbsp;<\/p>\n","protected":false},"excerpt":{"rendered":"<p>Chers Parents, Les membres du Lyc\u00e9e Jean-Paul II vous invitent \u00e0 les rejoindre pour la c\u00e9l\u00e9bration de la messe de la communaut\u00e9 qui aura lieu \u00e0 l&rsquo;\u00e9glise St Martin, \u00e0 quelques pas du lyc\u00e9e, le vendredi 12 janvier \u00e0 17 h 30 Messe c\u00e9l\u00e9br\u00e9e par le p\u00e8re Ga\u00ebl B\u00e9n\u00e9at et anim\u00e9e par des lyc\u00e9ens. Elle &hellip; <a href=\"http:\/\/apeljp278.xyz\/index.php\/2016\/12\/10\/epiphanie\/\" class=\"more-link\">Continuer la lecture<span class=\"screen-reader-text\"> de &laquo;&nbsp;Messe de la Communaut\u00e9 du Lyc\u00e9e Jean-Paul II&nbsp;&raquo;<\/span><\/a><\/p>\n","protected":false},"author":3,"featured_media":0,"comment_status":"open","ping_status":"open","sticky":false,"template":"","format":"standard","meta":[],"categories":[1],"tags":[],"_links":{"self":[{"href":"http:\/\/apeljp278.xyz\/index.php\/wp-json\/wp\/v2\/posts\/178"}],"collection":[{"href":"http:\/\/apeljp278.xyz\/index.php\/wp-json\/wp\/v2\/posts"}],"about":[{"href":"http:\/\/apeljp278.xyz\/index.php\/wp-json\/wp\/v2\/types\/post"}],"author":[{"embeddable":true,"href":"http:\/\/apeljp278.xyz\/index.php\/wp-json\/wp\/v2\/users\/3"}],"replies":[{"embeddable":true,"href":"http:\/\/apeljp278.xyz\/index.php\/wp-json\/wp\/v2\/comments?post=178"}],"version-history":[{"count":13,"href":"http:\/\/apeljp278.xyz\/index.php\/wp-json\/wp\/v2\/posts\/178\/revisions"}],"predecessor-version":[{"id":390,"href":"http:\/\/apeljp278.xyz\/index.php\/wp-json\/wp\/v2\/posts\/178\/revisions\/390"}],"wp:attachment":[{"href":"http:\/\/apeljp278.xyz\/index.php\/wp-json\/wp\/v2\/media?parent=178"}],"wp:term":[{"taxonomy":"category","embeddable":true,"href":"http:\/\/apeljp278.xyz\/index.php\/wp-json\/wp\/v2\/categories?post=178"},{"taxonomy":"post_tag","embeddable":true,"href":"http:\/\/apeljp278.xyz\/index.php\/wp-json\/wp\/v2\/tags?post=178"}],"curies":[{"name":"wp","href":"https:\/\/api.w.org\/{rel}","templated":true}]}}