{"id":202,"date":"2017-03-09T20:24:56","date_gmt":"2017-03-09T19:24:56","guid":{"rendered":"http:\/\/apeljp278.xyz\/?p=202"},"modified":"2018-10-12T16:16:17","modified_gmt":"2018-10-12T14:16:17","slug":"gala-lyceens-2017","status":"publish","type":"post","link":"http:\/\/apeljp278.xyz\/index.php\/2017\/03\/09\/gala-lyceens-2017\/","title":{"rendered":"GALA LYCEENS 2017"},"content":{"rendered":"<p>&nbsp;<\/p>\n<p>Pr\u00e8s de 900 lyc\u00e9ens du Lyc\u00e9e Jean Paul II et de l&rsquo;Institut Notre Dame se sont retrouv\u00e9s pour ce 7\u00e8me GALA \u00a0le samedi 25 f\u00e9vrier 2017 . Le th\u00e8me de cette ann\u00e9e-l\u00e0 \u00e9tait le cin\u00e9ma. La soir\u00e9e a \u00e9t\u00e9 anim\u00e9e par une belle \u00a0prestation du DJ , les animations photos , \u00a0sans oublier \u00a0la d\u00e9gustation du Pop Corn et les glaces . Les jeunes \u00e9taient encadr\u00e9s par une belle \u00e9quipe de parents b\u00e9n\u00e9voles, qui gr\u00e2ce \u00e0 leurs actions ont fait de cette soir\u00e9e un merveilleux souvenir pour tous !<\/p>\n<figure id=\"attachment_195\" aria-describedby=\"caption-attachment-195\" style=\"width: 640px\" class=\"wp-caption alignnone\"><a href=\"http:\/\/apeljp278.xyz\/?attachment_id=195\" rel=\"attachment wp-att-195\"><img decoding=\"async\" loading=\"lazy\" class=\"size-full wp-image-195\" src=\"http:\/\/apeljp278.xyz\/wp-content\/uploads\/2017\/03\/IMG_20170225_195039.jpg\" alt=\"dav\" width=\"640\" height=\"360\" srcset=\"http:\/\/apeljp278.xyz\/wp-content\/uploads\/2017\/03\/IMG_20170225_195039.jpg 640w, http:\/\/apeljp278.xyz\/wp-content\/uploads\/2017\/03\/IMG_20170225_195039-300x169.jpg 300w\" sizes=\"(max-width: 709px) 85vw, (max-width: 909px) 67vw, (max-width: 984px) 61vw, (max-width: 1362px) 45vw, 600px\" \/><\/a><figcaption id=\"caption-attachment-195\" class=\"wp-caption-text\">dav<\/figcaption><\/figure>\n<figure id=\"attachment_194\" aria-describedby=\"caption-attachment-194\" style=\"width: 640px\" class=\"wp-caption alignnone\"><a href=\"http:\/\/apeljp278.xyz\/?attachment_id=194\" rel=\"attachment wp-att-194\"><img decoding=\"async\" loading=\"lazy\" class=\"size-full wp-image-194\" src=\"http:\/\/apeljp278.xyz\/wp-content\/uploads\/2017\/03\/IMG_20170225_194906.jpeg\" alt=\"dav\" width=\"640\" height=\"360\" srcset=\"http:\/\/apeljp278.xyz\/wp-content\/uploads\/2017\/03\/IMG_20170225_194906.jpeg 640w, http:\/\/apeljp278.xyz\/wp-content\/uploads\/2017\/03\/IMG_20170225_194906-300x169.jpeg 300w\" sizes=\"(max-width: 709px) 85vw, (max-width: 909px) 67vw, (max-width: 984px) 61vw, (max-width: 1362px) 45vw, 600px\" \/><\/a><figcaption id=\"caption-attachment-194\" class=\"wp-caption-text\">dav<\/figcaption><\/figure>\n<figure id=\"attachment_193\" aria-describedby=\"caption-attachment-193\" style=\"width: 360px\" class=\"wp-caption alignnone\"><a href=\"http:\/\/apeljp278.xyz\/?attachment_id=193\" rel=\"attachment wp-att-193\"><img decoding=\"async\" loading=\"lazy\" class=\"size-full wp-image-193\" src=\"http:\/\/apeljp278.xyz\/wp-content\/uploads\/2017\/03\/IMG_20170225_194539.jpeg\" alt=\"dav\" width=\"360\" height=\"640\" srcset=\"http:\/\/apeljp278.xyz\/wp-content\/uploads\/2017\/03\/IMG_20170225_194539.jpeg 360w, http:\/\/apeljp278.xyz\/wp-content\/uploads\/2017\/03\/IMG_20170225_194539-169x300.jpeg 169w\" sizes=\"(max-width: 360px) 85vw, 360px\" \/><\/a><figcaption id=\"caption-attachment-193\" class=\"wp-caption-text\">dav<\/figcaption><\/figure>\n<p>GALA des lyc\u00e9ens JPII et IND 2017 sous le th\u00e8me du cin\u00e9ma.\u00a0<a href=\"http:\/\/apeljp278.xyz\/?attachment_id=200\" rel=\"attachment wp-att-200\"><img decoding=\"async\" loading=\"lazy\" class=\"size-full wp-image-200 alignleft\" src=\"http:\/\/apeljp278.xyz\/wp-content\/uploads\/2017\/03\/PastedGraphic-1-copie.jpg\" alt=\"PastedGraphic-1 - copie\" width=\"360\" height=\"640\" srcset=\"http:\/\/apeljp278.xyz\/wp-content\/uploads\/2017\/03\/PastedGraphic-1-copie.jpg 360w, http:\/\/apeljp278.xyz\/wp-content\/uploads\/2017\/03\/PastedGraphic-1-copie-169x300.jpg 169w\" sizes=\"(max-width: 360px) 85vw, 360px\" \/><\/a><\/p>\n","protected":false},"excerpt":{"rendered":"<p>&nbsp; Pr\u00e8s de 900 lyc\u00e9ens du Lyc\u00e9e Jean Paul II et de l&rsquo;Institut Notre Dame se sont retrouv\u00e9s pour ce 7\u00e8me GALA \u00a0le samedi 25 f\u00e9vrier 2017 . Le th\u00e8me de cette ann\u00e9e-l\u00e0 \u00e9tait le cin\u00e9ma. La soir\u00e9e a \u00e9t\u00e9 anim\u00e9e par une belle \u00a0prestation du DJ , les animations photos , \u00a0sans oublier \u00a0la &hellip; <a href=\"http:\/\/apeljp278.xyz\/index.php\/2017\/03\/09\/gala-lyceens-2017\/\" class=\"more-link\">Continuer la lecture<span class=\"screen-reader-text\"> de &laquo;&nbsp;GALA LYCEENS 2017&nbsp;&raquo;<\/span><\/a><\/p>\n","protected":false},"author":3,"featured_media":0,"comment_status":"open","ping_status":"open","sticky":false,"template":"","format":"standard","meta":[],"categories":[1],"tags":[],"_links":{"self":[{"href":"http:\/\/apeljp278.xyz\/index.php\/wp-json\/wp\/v2\/posts\/202"}],"collection":[{"href":"http:\/\/apeljp278.xyz\/index.php\/wp-json\/wp\/v2\/posts"}],"about":[{"href":"http:\/\/apeljp278.xyz\/index.php\/wp-json\/wp\/v2\/types\/post"}],"author":[{"embeddable":true,"href":"http:\/\/apeljp278.xyz\/index.php\/wp-json\/wp\/v2\/users\/3"}],"replies":[{"embeddable":true,"href":"http:\/\/apeljp278.xyz\/index.php\/wp-json\/wp\/v2\/comments?post=202"}],"version-history":[{"count":6,"href":"http:\/\/apeljp278.xyz\/index.php\/wp-json\/wp\/v2\/posts\/202\/revisions"}],"predecessor-version":[{"id":478,"href":"http:\/\/apeljp278.xyz\/index.php\/wp-json\/wp\/v2\/posts\/202\/revisions\/478"}],"wp:attachment":[{"href":"http:\/\/apeljp278.xyz\/index.php\/wp-json\/wp\/v2\/media?parent=202"}],"wp:term":[{"taxonomy":"category","embeddable":true,"href":"http:\/\/apeljp278.xyz\/index.php\/wp-json\/wp\/v2\/categories?post=202"},{"taxonomy":"post_tag","embeddable":true,"href":"http:\/\/apeljp278.xyz\/index.php\/wp-json\/wp\/v2\/tags?post=202"}],"curies":[{"name":"wp","href":"https:\/\/api.w.org\/{rel}","templated":true}]}}